{"id":816,"date":"2022-08-01T10:41:07","date_gmt":"2022-08-01T13:41:07","guid":{"rendered":"https:\/\/www.casadapazumuarama.org.br\/site\/?p=816"},"modified":"2022-08-01T10:45:25","modified_gmt":"2022-08-01T13:45:25","slug":"nossa-osc-foi-selecionada-casa-da-paz","status":"publish","type":"post","link":"https:\/\/casadapazumuarama.org.br\/site\/?p=816","title":{"rendered":"Nossa OSC foi selecionada &#8211; Casa da Paz"},"content":{"rendered":"\n<p class=\"has-text-align-center\">O<strong>\u00a0Mobiliza OSC<\/strong>,\u00a0trata-se de um Edital que tem como principal objetivo selecionar Organiza\u00e7\u00f5es da Sociedade Civil (OSC) do estado do Paran\u00e1 interessadas em receber\u00a0<strong>capacita\u00e7\u00e3o e mentoria<\/strong>\u00a0para melhorar sua\u00a0<strong>capta\u00e7\u00e3o de recursos.<\/strong><\/p>\n\n\n\n<figure class=\"wp-block-image size-large\"><img loading=\"lazy\" decoding=\"async\" width=\"1024\" height=\"1024\" src=\"https:\/\/www.casadapazumuarama.org.br\/site\/wp-content\/uploads\/2022\/08\/4a0636a6-3e0a-4284-8577-9461a955eacb-1024x1024.jpg\" alt=\"\" class=\"wp-image-815\" srcset=\"https:\/\/casadapazumuarama.org.br\/site\/wp-content\/uploads\/2022\/08\/4a0636a6-3e0a-4284-8577-9461a955eacb-1024x1024.jpg 1024w, https:\/\/casadapazumuarama.org.br\/site\/wp-content\/uploads\/2022\/08\/4a0636a6-3e0a-4284-8577-9461a955eacb-300x300.jpg 300w, https:\/\/casadapazumuarama.org.br\/site\/wp-content\/uploads\/2022\/08\/4a0636a6-3e0a-4284-8577-9461a955eacb-150x150.jpg 150w, https:\/\/casadapazumuarama.org.br\/site\/wp-content\/uploads\/2022\/08\/4a0636a6-3e0a-4284-8577-9461a955eacb-768x768.jpg 768w, https:\/\/casadapazumuarama.org.br\/site\/wp-content\/uploads\/2022\/08\/4a0636a6-3e0a-4284-8577-9461a955eacb.jpg 1080w\" sizes=\"auto, (max-width: 1024px) 100vw, 1024px\" \/><\/figure>\n\n\n\n<figure class=\"wp-block-embed-wordpress wp-block-embed is-type-wp-embed is-provider-programa-impulso\"><div class=\"wp-block-embed__wrapper\">\n<blockquote class=\"wp-embedded-content\" data-secret=\"3PlpG8gt2E\"><a href=\"http:\/\/programaimpulso.org.br\/2022\/06\/22\/mobilizaosc\/\">Mobiliza OSC: o edital que vai revolucionar a capta\u00e7\u00e3o de recursos<\/a><\/blockquote><iframe loading=\"lazy\" class=\"wp-embedded-content\" sandbox=\"allow-scripts\" security=\"restricted\" style=\"position: absolute; clip: rect(1px, 1px, 1px, 1px);\" title=\"&#8220;Mobiliza OSC: o edital que vai revolucionar a capta\u00e7\u00e3o de recursos&#8221; &#8212; Programa Impulso\" src=\"http:\/\/programaimpulso.org.br\/2022\/06\/22\/mobilizaosc\/embed\/#?secret=3PlpG8gt2E\" data-secret=\"3PlpG8gt2E\" width=\"600\" height=\"338\" frameborder=\"0\" marginwidth=\"0\" marginheight=\"0\" scrolling=\"no\"><\/iframe>\n<\/div><figcaption>O edital \u00e9 uma iniciativa do\u00a0<strong><a rel=\"noreferrer noopener\" href=\"http:\/\/www.programaimpulso.org.br\/\" target=\"_blank\">Programa Impulso<\/a><\/strong>, do\u00a0<strong><a rel=\"noreferrer noopener\" href=\"http:\/\/www.institutogrpcom.org.br\/\" target=\"_blank\">Instituto GRPCOM<\/a><\/strong>, em parceria com o\u00a0<strong>Instituto IBGPEX<\/strong>, do\u00a0<strong><a rel=\"noreferrer noopener\" href=\"https:\/\/www.uninter.com\/\" target=\"_blank\">Grupo Uninter<\/a><\/strong>.<\/figcaption><\/figure>\n","protected":false},"excerpt":{"rendered":"<p>O\u00a0Mobiliza OSC,\u00a0trata-se de um Edital que tem como principal objetivo selecionar Organiza\u00e7\u00f5es da Sociedade Civil (OSC) do estado do Paran\u00e1 interessadas em receber\u00a0capacita\u00e7\u00e3o e mentoria\u00a0para melhorar sua\u00a0capta\u00e7\u00e3o de recursos.<\/p>\n","protected":false},"author":1,"featured_media":815,"comment_status":"open","ping_status":"open","sticky":false,"template":"","format":"standard","meta":{"footnotes":""},"categories":[3],"tags":[],"class_list":["post-816","post","type-post","status-publish","format-standard","has-post-thumbnail","hentry","category-projetos-da-casa-da-paz"],"_links":{"self":[{"href":"https:\/\/casadapazumuarama.org.br\/site\/index.php?rest_route=\/wp\/v2\/posts\/816","targetHints":{"allow":["GET"]}}],"collection":[{"href":"https:\/\/casadapazumuarama.org.br\/site\/index.php?rest_route=\/wp\/v2\/posts"}],"about":[{"href":"https:\/\/casadapazumuarama.org.br\/site\/index.php?rest_route=\/wp\/v2\/types\/post"}],"author":[{"embeddable":true,"href":"https:\/\/casadapazumuarama.org.br\/site\/index.php?rest_route=\/wp\/v2\/users\/1"}],"replies":[{"embeddable":true,"href":"https:\/\/casadapazumuarama.org.br\/site\/index.php?rest_route=%2Fwp%2Fv2%2Fcomments&post=816"}],"version-history":[{"count":4,"href":"https:\/\/casadapazumuarama.org.br\/site\/index.php?rest_route=\/wp\/v2\/posts\/816\/revisions"}],"predecessor-version":[{"id":820,"href":"https:\/\/casadapazumuarama.org.br\/site\/index.php?rest_route=\/wp\/v2\/posts\/816\/revisions\/820"}],"wp:featuredmedia":[{"embeddable":true,"href":"https:\/\/casadapazumuarama.org.br\/site\/index.php?rest_route=\/wp\/v2\/media\/815"}],"wp:attachment":[{"href":"https:\/\/casadapazumuarama.org.br\/site\/index.php?rest_route=%2Fwp%2Fv2%2Fmedia&parent=816"}],"wp:term":[{"taxonomy":"category","embeddable":true,"href":"https:\/\/casadapazumuarama.org.br\/site\/index.php?rest_route=%2Fwp%2Fv2%2Fcategories&post=816"},{"taxonomy":"post_tag","embeddable":true,"href":"https:\/\/casadapazumuarama.org.br\/site\/index.php?rest_route=%2Fwp%2Fv2%2Ftags&post=816"}],"curies":[{"name":"wp","href":"https:\/\/api.w.org\/{rel}","templated":true}]}}