{"id":584,"date":"2022-05-17T07:28:40","date_gmt":"2022-05-17T10:28:40","guid":{"rendered":"https:\/\/www.casadapazumuarama.org.br\/site\/?p=584"},"modified":"2022-05-17T07:53:24","modified_gmt":"2022-05-17T10:53:24","slug":"inauguracao-casa-da-paz-15-05-2022","status":"publish","type":"post","link":"https:\/\/casadapazumuarama.org.br\/site\/?p=584","title":{"rendered":"Inaugura\u00e7\u00e3o Casa da Paz &#8211; 15\/05\/2022"},"content":{"rendered":"\n<figure class=\"wp-block-gallery columns-3 is-cropped wp-block-gallery-1 is-layout-flex wp-block-gallery-is-layout-flex\"><ul class=\"blocks-gallery-grid\"><li class=\"blocks-gallery-item\"><figure><img decoding=\"async\" src=\"https:\/\/www.casadapazumuarama.org.br\/site\/wp-content\/uploads\/2022\/05\/IMG-20220515-WA0029-1024x768.jpg\" alt=\"\" data-id=\"562\" data-full-url=\"https:\/\/www.casadapazumuarama.org.br\/site\/wp-content\/uploads\/2022\/05\/IMG-20220515-WA0029.jpg\" data-link=\"https:\/\/www.casadapazumuarama.org.br\/site\/?attachment_id=562\" class=\"wp-image-562\"\/><\/figure><\/li><li class=\"blocks-gallery-item\"><figure><img decoding=\"async\" src=\"https:\/\/www.casadapazumuarama.org.br\/site\/wp-content\/uploads\/2022\/05\/IMG-20220516-WA0047-1024x768.jpg\" alt=\"\" data-id=\"581\" data-full-url=\"https:\/\/www.casadapazumuarama.org.br\/site\/wp-content\/uploads\/2022\/05\/IMG-20220516-WA0047.jpg\" data-link=\"https:\/\/www.casadapazumuarama.org.br\/site\/?attachment_id=581\" class=\"wp-image-581\"\/><\/figure><\/li><li class=\"blocks-gallery-item\"><figure><img decoding=\"async\" src=\"https:\/\/www.casadapazumuarama.org.br\/site\/wp-content\/uploads\/2022\/05\/IMG-20220515-WA0056-1024x576.jpg\" alt=\"\" data-id=\"566\" data-full-url=\"https:\/\/www.casadapazumuarama.org.br\/site\/wp-content\/uploads\/2022\/05\/IMG-20220515-WA0056.jpg\" data-link=\"https:\/\/www.casadapazumuarama.org.br\/site\/?attachment_id=566\" class=\"wp-image-566\"\/><\/figure><\/li><li class=\"blocks-gallery-item\"><figure><img decoding=\"async\" src=\"https:\/\/www.casadapazumuarama.org.br\/site\/wp-content\/uploads\/2022\/05\/IMG-20220516-WA0037-1024x576.jpg\" alt=\"\" data-id=\"571\" data-full-url=\"https:\/\/www.casadapazumuarama.org.br\/site\/wp-content\/uploads\/2022\/05\/IMG-20220516-WA0037.jpg\" data-link=\"https:\/\/www.casadapazumuarama.org.br\/site\/?attachment_id=571\" class=\"wp-image-571\"\/><\/figure><\/li><li class=\"blocks-gallery-item\"><figure><img decoding=\"async\" src=\"https:\/\/www.casadapazumuarama.org.br\/site\/wp-content\/uploads\/2022\/05\/IMG-20220516-WA0042-576x1024.jpg\" alt=\"\" data-id=\"576\" data-full-url=\"https:\/\/www.casadapazumuarama.org.br\/site\/wp-content\/uploads\/2022\/05\/IMG-20220516-WA0042.jpg\" data-link=\"https:\/\/www.casadapazumuarama.org.br\/site\/?attachment_id=576\" class=\"wp-image-576\"\/><\/figure><\/li><li class=\"blocks-gallery-item\"><figure><img decoding=\"async\" src=\"https:\/\/www.casadapazumuarama.org.br\/site\/wp-content\/uploads\/2022\/05\/IMG-20220516-WA0049-576x1024.jpg\" alt=\"\" data-id=\"583\" data-full-url=\"https:\/\/www.casadapazumuarama.org.br\/site\/wp-content\/uploads\/2022\/05\/IMG-20220516-WA0049.jpg\" data-link=\"https:\/\/www.casadapazumuarama.org.br\/site\/?attachment_id=583\" class=\"wp-image-583\"\/><\/figure><\/li><\/ul><\/figure>\n\n\n\n<p><strong>Mais fotos em:<\/strong><\/p>\n\n\n\n<p><blockquote class=\"wp-embedded-content\" data-secret=\"JYD8k7siWK\"><a href=\"https:\/\/www.casadapazumuarama.org.br\/site\/?page_id=26\">Fotos<\/a><\/blockquote><iframe loading=\"lazy\" class=\"wp-embedded-content\" sandbox=\"allow-scripts\" security=\"restricted\" style=\"position: absolute; clip: rect(1px, 1px, 1px, 1px);\" title=\"&#8220;Fotos&#8221; &#8212; Casa da Paz Umuarama\" src=\"https:\/\/www.casadapazumuarama.org.br\/site\/?page_id=26&#038;embed=true#?secret=JYD8k7siWK\" data-secret=\"JYD8k7siWK\" width=\"600\" height=\"338\" frameborder=\"0\" marginwidth=\"0\" marginheight=\"0\" scrolling=\"no\"><\/iframe><\/p>\n\n\n\n<p><strong>Discurso da Presidente da Casa da Paz, Silvia Ribeiro Martins<\/strong>: Bom dia amados irm\u00e3os e irm\u00e3s em Cristo, \u00e9 com uma alegria imensur\u00e1vel que n\u00e3o cabe no peito que recebo a todos voc\u00eas para testemunharem a realiza\u00e7\u00e3o de um grande sonho e da minha miss\u00e3o neste mundo para honra e gloria de Deus. Depois de muita luta e com a ajuda de incont\u00e1veis amigos conseguimos ter um local adequado, com espa\u00e7o, conforto e seguran\u00e7a para realiza\u00e7\u00e3o das atividades da Casa da Paz em favor de muitos jovens, crian\u00e7as e adolescentes da nossa comunidade. Tentar nomear nesse momento seria imposs\u00edvel e injusto por que certamente teve algu\u00e9m que mesmo no anonimato contribuiu para que tudo acontecesse.\u00a0 S\u00e3o amigos, benfeitores pessoas f\u00edsicas e jur\u00eddicas, volunt\u00e1rios, estagi\u00e1rios, pais e respons\u00e1veis pelas crian\u00e7as. As nossas funcion\u00e1rias que com amor e dedica\u00e7\u00e3o n\u00e3o tem limites para atender o que for preciso a qualquer hora. Nosso particular agradecimento a vossa Excel\u00eancia Reverend\u00edssima Dom Antonio Luiz Catelan Ferreira, com sua licen\u00e7a nosso amigo \u201cCHIRU\u201d que plantou essa semente h\u00e1 21 anos para suprir a necessidade b\u00e1sica do ser humano que \u00e9 a alimenta\u00e7\u00e3o, a partir da\u00ed a semente germinou, cresceu e frutificou. Hoje podemos nos orgulhar de ter um servi\u00e7o exemplar de conviv\u00eancia e fortalecimento de v\u00ednculos. Mas tem uma pessoa que n\u00e3o posso deixar de enaltecer. Sem a colabora\u00e7\u00e3o, a participa\u00e7\u00e3o e principalmente a paci\u00eancia dele nada teria acontecido. Meu querido companheiro de todas as horas Claudio Martins, meu marido. Neste mundo que vivemos com tantas dificuldades, desigualdades, perigos \u00e9 preciso apoiar a Educa\u00e7\u00e3o no sentido mais amplo da palavra. Levando oportunidade aos que n\u00e3o tem acesso \u00e0 cultura, arte, esporte, lazer e \u00e9 isso que a Casa da Paz prop\u00f5e as nossas crian\u00e7as e adolescentes. Como produtora de conhecimento promove a inclus\u00e3o social a partir de uma forma\u00e7\u00e3o integral do indiv\u00edduo. Atenta as necessidades e voca\u00e7\u00f5es dos que frequentam esta casa. Essa produ\u00e7\u00e3o de conhecimento voltada ao futuro das nossas crian\u00e7as com a\u00e7\u00f5es apoiadas no conceito de sustentabilidade, preserva\u00e7\u00e3o do meio ambiente, \u00e9tica, honestidade, solidariedade, companheirismo, respeito e inclus\u00e3o sabemos que vai impactar na comunidade que nos cerca e em toda sociedade. Todo dia um novo aprendizado. Nunca saberemos o suficiente e nunca teremos nossa sede de saber saciada de todo, no entanto, n\u00e3o podemos sufocar o nosso desejo de aprender, de compreender e de lutar cada vez mais para fazer desse mundo uma morada melhor. \u00c9 preciso encarar esse desafio da constru\u00e7\u00e3o do conhecimento como agente transformador da realidade e que isso est\u00e1 em nossas m\u00e3os. Voc\u00eas, homens e mulheres que fazem o dia a dia desta grande CASA de amor e do saber, s\u00e3o nossos parceiros e nossos guias nesta viagem t\u00e3o dura quanto bela em dire\u00e7\u00e3o ao bem dessas crian\u00e7as. Emocionada e confiante na miss\u00e3o quase cumprida, agrade\u00e7o comovida reafirmo nossa gratid\u00e3o a cada colaborador desde o mais humilde at\u00e9 quem conseguiu participar de maneira grandiosa. O valor de cada ajuda \u00e9 a mesma como na par\u00e1bola dos trabalhadores da vinha \u201cMateus 20\u201d. Cada um trabalhou um tempo, mas o patr\u00e3o pagou a todos igualmente. Iniciativas como esta lan\u00e7am luz sobre vidas das novas gera\u00e7\u00f5es, bem diferentes daqueles que, para nosso desgosto, nos oferecem cotidianamente os notici\u00e1rios. Convidamos a todos a participarem diretamente deste trabalho por meio do nosso programa de voluntariado. Tenho confian\u00e7a de que o sentimento que nos toca neste momento vai permanecer no cora\u00e7\u00e3o de cada um dos presentes na luta por um Brasil mais justo e solid\u00e1rio haver\u00e1 de animar ainda muitas a\u00e7\u00f5es da Casa da Paz para que possamos crescer ainda mais e levar nossas crian\u00e7as a serem cidad\u00e3os de bem, felizes e construtores de uma na\u00e7\u00e3o efetivamente pr\u00f3spera, solid\u00e1ria e generosa. Abra\u00e7o fraterno a todos e todas.<\/p>\n","protected":false},"excerpt":{"rendered":"<p>Mais fotos em: Fotos Discurso da Presidente da Casa da Paz, Silvia Ribeiro Martins: Bom dia amados irm\u00e3os e irm\u00e3s em Cristo, \u00e9 com uma alegria imensur\u00e1vel que n\u00e3o cabe no peito que recebo a todos voc\u00eas para testemunharem a realiza\u00e7\u00e3o de um grande sonho e da minha miss\u00e3o neste<a class=\"moretag\" href=\"https:\/\/casadapazumuarama.org.br\/site\/?p=584\"> Continue a ler<\/a><\/p>\n","protected":false},"author":1,"featured_media":620,"comment_status":"open","ping_status":"open","sticky":false,"template":"","format":"standard","meta":{"footnotes":""},"categories":[1],"tags":[],"class_list":["post-584","post","type-post","status-publish","format-standard","has-post-thumbnail","hentry","category-eventos-promocionais"],"_links":{"self":[{"href":"https:\/\/casadapazumuarama.org.br\/site\/index.php?rest_route=\/wp\/v2\/posts\/584","targetHints":{"allow":["GET"]}}],"collection":[{"href":"https:\/\/casadapazumuarama.org.br\/site\/index.php?rest_route=\/wp\/v2\/posts"}],"about":[{"href":"https:\/\/casadapazumuarama.org.br\/site\/index.php?rest_route=\/wp\/v2\/types\/post"}],"author":[{"embeddable":true,"href":"https:\/\/casadapazumuarama.org.br\/site\/index.php?rest_route=\/wp\/v2\/users\/1"}],"replies":[{"embeddable":true,"href":"https:\/\/casadapazumuarama.org.br\/site\/index.php?rest_route=%2Fwp%2Fv2%2Fcomments&post=584"}],"version-history":[{"count":7,"href":"https:\/\/casadapazumuarama.org.br\/site\/index.php?rest_route=\/wp\/v2\/posts\/584\/revisions"}],"predecessor-version":[{"id":677,"href":"https:\/\/casadapazumuarama.org.br\/site\/index.php?rest_route=\/wp\/v2\/posts\/584\/revisions\/677"}],"wp:featuredmedia":[{"embeddable":true,"href":"https:\/\/casadapazumuarama.org.br\/site\/index.php?rest_route=\/wp\/v2\/media\/620"}],"wp:attachment":[{"href":"https:\/\/casadapazumuarama.org.br\/site\/index.php?rest_route=%2Fwp%2Fv2%2Fmedia&parent=584"}],"wp:term":[{"taxonomy":"category","embeddable":true,"href":"https:\/\/casadapazumuarama.org.br\/site\/index.php?rest_route=%2Fwp%2Fv2%2Fcategories&post=584"},{"taxonomy":"post_tag","embeddable":true,"href":"https:\/\/casadapazumuarama.org.br\/site\/index.php?rest_route=%2Fwp%2Fv2%2Ftags&post=584"}],"curies":[{"name":"wp","href":"https:\/\/api.w.org\/{rel}","templated":true}]}}