{"id":1233,"date":"2023-04-12T17:52:25","date_gmt":"2023-04-12T20:52:25","guid":{"rendered":"https:\/\/www.casadapazumuarama.org.br\/site\/?p=1233"},"modified":"2023-04-13T10:48:40","modified_gmt":"2023-04-13T13:48:40","slug":"edital-de-convocacao-de-assembleia-geral-extraordinaria-da-associacao-assistencial-e-promocional-casa-da-paz","status":"publish","type":"post","link":"https:\/\/casadapazumuarama.org.br\/site\/?p=1233","title":{"rendered":"Edital de Convoca\u00e7\u00e3o de Assembleia Geral Extraordin\u00e1ria da Associa\u00e7\u00e3o Assistencial e Promocional Casa da Paz"},"content":{"rendered":"\n<div class=\"wp-block-image\"><figure class=\"alignleft size-large is-resized\"><img loading=\"lazy\" decoding=\"async\" src=\"https:\/\/www.casadapazumuarama.org.br\/site\/wp-content\/uploads\/2023\/04\/Edital-Eleicoes-2.jpg\" alt=\"\" class=\"wp-image-1242\" width=\"522\" height=\"761\" srcset=\"https:\/\/casadapazumuarama.org.br\/site\/wp-content\/uploads\/2023\/04\/Edital-Eleicoes-2.jpg 375w, https:\/\/casadapazumuarama.org.br\/site\/wp-content\/uploads\/2023\/04\/Edital-Eleicoes-2-206x300.jpg 206w\" sizes=\"auto, (max-width: 522px) 100vw, 522px\" \/><\/figure><\/div>\n","protected":false},"excerpt":{"rendered":"","protected":false},"author":1,"featured_media":1235,"comment_status":"open","ping_status":"open","sticky":false,"template":"","format":"standard","meta":{"footnotes":""},"categories":[1],"tags":[],"class_list":["post-1233","post","type-post","status-publish","format-standard","has-post-thumbnail","hentry","category-eventos-promocionais"],"_links":{"self":[{"href":"https:\/\/casadapazumuarama.org.br\/site\/index.php?rest_route=\/wp\/v2\/posts\/1233","targetHints":{"allow":["GET"]}}],"collection":[{"href":"https:\/\/casadapazumuarama.org.br\/site\/index.php?rest_route=\/wp\/v2\/posts"}],"about":[{"href":"https:\/\/casadapazumuarama.org.br\/site\/index.php?rest_route=\/wp\/v2\/types\/post"}],"author":[{"embeddable":true,"href":"https:\/\/casadapazumuarama.org.br\/site\/index.php?rest_route=\/wp\/v2\/users\/1"}],"replies":[{"embeddable":true,"href":"https:\/\/casadapazumuarama.org.br\/site\/index.php?rest_route=%2Fwp%2Fv2%2Fcomments&post=1233"}],"version-history":[{"count":2,"href":"https:\/\/casadapazumuarama.org.br\/site\/index.php?rest_route=\/wp\/v2\/posts\/1233\/revisions"}],"predecessor-version":[{"id":1243,"href":"https:\/\/casadapazumuarama.org.br\/site\/index.php?rest_route=\/wp\/v2\/posts\/1233\/revisions\/1243"}],"wp:featuredmedia":[{"embeddable":true,"href":"https:\/\/casadapazumuarama.org.br\/site\/index.php?rest_route=\/wp\/v2\/media\/1235"}],"wp:attachment":[{"href":"https:\/\/casadapazumuarama.org.br\/site\/index.php?rest_route=%2Fwp%2Fv2%2Fmedia&parent=1233"}],"wp:term":[{"taxonomy":"category","embeddable":true,"href":"https:\/\/casadapazumuarama.org.br\/site\/index.php?rest_route=%2Fwp%2Fv2%2Fcategories&post=1233"},{"taxonomy":"post_tag","embeddable":true,"href":"https:\/\/casadapazumuarama.org.br\/site\/index.php?rest_route=%2Fwp%2Fv2%2Ftags&post=1233"}],"curies":[{"name":"wp","href":"https:\/\/api.w.org\/{rel}","templated":true}]}}